{"id":346,"date":"2018-09-11T18:14:15","date_gmt":"2018-09-11T16:14:15","guid":{"rendered":"http:\/\/schlau-rlp.de\/?p=346"},"modified":"2018-09-11T18:14:15","modified_gmt":"2018-09-11T16:14:15","slug":"neue-koordinator_innen-in-den-regionalgruppen","status":"publish","type":"post","link":"https:\/\/schlau-rlp.de\/?p=346","title":{"rendered":"Neue Koordinator_innen in den Regionalgruppen"},"content":{"rendered":"<p>Die Regionalkoordination der einzelnen SCHLAU Gruppen in RLP hat sich am letzten Wochenende zum gemeinsamen Austausch getroffen. Neben der Planung unserer Qualifizierungsschulung f\u00fcr neue Teamende, der Erarbeitung unseres j\u00e4hrlichen Bildungswochenendes hat sich in zwei St\u00e4dten etwas getan.<\/p>\n<p>Unser langj\u00e4hriger Koordinator Daniel hat sein Amt in Kaiserslautern an Oli und Mike \u00fcbergeben, wir freuen uns auf zwei engagierte Teamende f\u00fcr die Region Kaiserslautern. Auch in Mainz gab es eine Neuerung und von nun an werden Lars und Katharina die Organisation vor Ort \u00fcbernehmen.<\/p>\n<p>Wir freuen uns auf ein neues Jahr mit SCHLAU RLP.<\/p>\n<p>Interesse an unserer Arbeit, gerne unter Kontakt direkt mit den Personen vor Ort in Verbindung setzen.<\/p>\n<p>&nbsp;<\/p>\n","protected":false},"excerpt":{"rendered":"<p>Die Regionalkoordination der einzelnen SCHLAU Gruppen in RLP hat sich am letzten Wochenende zum gemeinsamen Austausch getroffen. Neben der Planung unserer Qualifizierungsschulung f\u00fcr neue Teamende, der Erarbeitung unseres j\u00e4hrlichen Bildungswochenendes hat sich in zwei St\u00e4dten etwas getan. Unser langj\u00e4hriger Koordinator Daniel hat sein Amt in Kaiserslautern an Oli und Mike \u00fcbergeben, wir freuen uns auf [&hellip;]<\/p>\n","protected":false},"author":3,"featured_media":347,"comment_status":"open","ping_status":"open","sticky":false,"template":"","format":"standard","meta":{"spay_email":"","footnotes":""},"categories":[1],"tags":[],"class_list":["post-346","post","type-post","status-publish","format-standard","has-post-thumbnail","hentry","category-allgemein"],"jetpack_featured_media_url":"https:\/\/schlau-rlp.de\/wp-content\/uploads\/2018\/09\/41222195_1937042639724045_3648334268502900736_n.jpg","_links":{"self":[{"href":"https:\/\/schlau-rlp.de\/index.php?rest_route=\/wp\/v2\/posts\/346"}],"collection":[{"href":"https:\/\/schlau-rlp.de\/index.php?rest_route=\/wp\/v2\/posts"}],"about":[{"href":"https:\/\/schlau-rlp.de\/index.php?rest_route=\/wp\/v2\/types\/post"}],"author":[{"embeddable":true,"href":"https:\/\/schlau-rlp.de\/index.php?rest_route=\/wp\/v2\/users\/3"}],"replies":[{"embeddable":true,"href":"https:\/\/schlau-rlp.de\/index.php?rest_route=%2Fwp%2Fv2%2Fcomments&post=346"}],"version-history":[{"count":1,"href":"https:\/\/schlau-rlp.de\/index.php?rest_route=\/wp\/v2\/posts\/346\/revisions"}],"predecessor-version":[{"id":348,"href":"https:\/\/schlau-rlp.de\/index.php?rest_route=\/wp\/v2\/posts\/346\/revisions\/348"}],"wp:featuredmedia":[{"embeddable":true,"href":"https:\/\/schlau-rlp.de\/index.php?rest_route=\/wp\/v2\/media\/347"}],"wp:attachment":[{"href":"https:\/\/schlau-rlp.de\/index.php?rest_route=%2Fwp%2Fv2%2Fmedia&parent=346"}],"wp:term":[{"taxonomy":"category","embeddable":true,"href":"https:\/\/schlau-rlp.de\/index.php?rest_route=%2Fwp%2Fv2%2Fcategories&post=346"},{"taxonomy":"post_tag","embeddable":true,"href":"https:\/\/schlau-rlp.de\/index.php?rest_route=%2Fwp%2Fv2%2Ftags&post=346"}],"curies":[{"name":"wp","href":"https:\/\/api.w.org\/{rel}","templated":true}]}}