{"id":254,"date":"2016-06-22T21:55:09","date_gmt":"2016-06-22T19:55:09","guid":{"rendered":"http:\/\/schlau-rlp.de\/?p=254"},"modified":"2016-06-22T22:26:07","modified_gmt":"2016-06-22T20:26:07","slug":"fragen-und-fakten","status":"publish","type":"post","link":"https:\/\/schlau-rlp.de\/?p=254","title":{"rendered":"Fragen und Fakten"},"content":{"rendered":"<p>Seit dem 19.06.2016 haben mehrere Medien, u.a. die Welt und die Huffington Post, sachlich falsch \u00fcber die Bildungs- und Antidiskriminierungsarbeit der SCHLAU-Projekte berichtet. In den Artikeln wurden leider Fakten ignoriert und Zusammenh\u00e4nge falsch dargestellt.<\/p>\n<p>Aus gegebenen Anlass verweisen wir noch einmal auf unser <a href=\"http:\/\/schlau-rlp.de\/infos\/faq\/\"><strong>FAQ<\/strong><\/a>. Das Dokument bietet ausf\u00fchrliche Antworten auf Fragen zu unserer Bildungsarbeit. Darin werden auch Missverst\u00e4ndnisse \u00fcber die Inhalte sowie die Umsetzung unserer Workshops\u00a0aufgegriffen und gekl\u00e4rt.<\/p>\n<p>Au\u00dferdem verweisen wir gerne auf die ausf\u00fchrliche Beschreibung unserer Arbeit unter <strong><a href=\"http:\/\/www.schlau-rlp.de\/konzept\/\">Konzept<\/a> <\/strong>sowie unsere aktuellen <a href=\"http:\/\/schlau-rlp.de\/wp-content\/uploads\/2016\/06\/SCHLAU_Qualit\u00e4tsstandards.pdf\"><strong>Qualit\u00e4tsstandards<\/strong><\/a>.<\/p>\n<p>F\u00fcr weitere Fragen stehen wir gerne unter <a href=\"mailto:info@schlau-rlp.de\"><strong>info@schlau-rlp.de<\/strong><\/a> zur Verf\u00fcgung. Wir bedauern, dass die Autor_innen der aktuellen Berichte nicht im Vorfeld mit uns gesprochen haben. Denn auch bei der Berichterstattung \u00fcber uns gilt: Mit uns reden, statt \u00fcber uns!<\/p>\n","protected":false},"excerpt":{"rendered":"<p>Seit dem 19.06.2016 haben mehrere Medien, u.a. die Welt und die Huffington Post, sachlich falsch \u00fcber die Bildungs- und Antidiskriminierungsarbeit der SCHLAU-Projekte berichtet. In den Artikeln wurden leider Fakten ignoriert und Zusammenh\u00e4nge falsch dargestellt. Aus gegebenen Anlass verweisen wir noch einmal auf unser FAQ. Das Dokument bietet ausf\u00fchrliche Antworten auf Fragen zu unserer Bildungsarbeit. Darin [&hellip;]<\/p>\n","protected":false},"author":3,"featured_media":0,"comment_status":"open","ping_status":"open","sticky":false,"template":"","format":"standard","meta":{"spay_email":"","footnotes":""},"categories":[1],"tags":[],"class_list":["post-254","post","type-post","status-publish","format-standard","hentry","category-allgemein"],"jetpack_featured_media_url":"","_links":{"self":[{"href":"https:\/\/schlau-rlp.de\/index.php?rest_route=\/wp\/v2\/posts\/254"}],"collection":[{"href":"https:\/\/schlau-rlp.de\/index.php?rest_route=\/wp\/v2\/posts"}],"about":[{"href":"https:\/\/schlau-rlp.de\/index.php?rest_route=\/wp\/v2\/types\/post"}],"author":[{"embeddable":true,"href":"https:\/\/schlau-rlp.de\/index.php?rest_route=\/wp\/v2\/users\/3"}],"replies":[{"embeddable":true,"href":"https:\/\/schlau-rlp.de\/index.php?rest_route=%2Fwp%2Fv2%2Fcomments&post=254"}],"version-history":[{"count":6,"href":"https:\/\/schlau-rlp.de\/index.php?rest_route=\/wp\/v2\/posts\/254\/revisions"}],"predecessor-version":[{"id":265,"href":"https:\/\/schlau-rlp.de\/index.php?rest_route=\/wp\/v2\/posts\/254\/revisions\/265"}],"wp:attachment":[{"href":"https:\/\/schlau-rlp.de\/index.php?rest_route=%2Fwp%2Fv2%2Fmedia&parent=254"}],"wp:term":[{"taxonomy":"category","embeddable":true,"href":"https:\/\/schlau-rlp.de\/index.php?rest_route=%2Fwp%2Fv2%2Fcategories&post=254"},{"taxonomy":"post_tag","embeddable":true,"href":"https:\/\/schlau-rlp.de\/index.php?rest_route=%2Fwp%2Fv2%2Ftags&post=254"}],"curies":[{"name":"wp","href":"https:\/\/api.w.org\/{rel}","templated":true}]}}